[{"@context":"https:\/\/schema.org\/","@type":"Article","@id":"https:\/\/www.alpart.cz\/den-ktery-si-navzdy-zapamatujeme\/#Article","mainEntityOfPage":"https:\/\/www.alpart.cz\/den-ktery-si-navzdy-zapamatujeme\/","headline":"Den, kter\u00fd si nav\u017edy zapamatujeme","name":"Den, kter\u00fd si nav\u017edy zapamatujeme","description":"Jakmile nadejde ten vz\u00e1cn\u00fd okam\u017eik a p\u0159ijde n\u00e1\u0161 velk\u00fd den, tak p\u0159irozen\u011b v\u0161ichni chceme, aby v\u0161echno bylo perfektn\u00ed a abychom na svou svatbu mohli vzpom\u00ednat jako na tu nejv\u011bt\u0161\u00ed a nejlep\u0161\u00ed ud\u00e1lost na\u0161eho \u017eivota. A nen\u00ed divu, jedn\u00e1 se toti\u017e o jak\u00fdsi pomysln\u00fd vstup do dal\u0161\u00ed \u010d\u00e1sti na\u0161eho \u017eivota, kdy p\u0159ekro\u010d\u00edme pr\u00e1h, je\u017e d\u011bl\u00ed na\u0161i [&hellip;]","datePublished":"2017-07-07","dateModified":"2023-05-31","author":{"@type":"Person","@id":"https:\/\/www.alpart.cz\/author\/#Person","name":"","url":"https:\/\/www.alpart.cz\/author\/","identifier":1,"image":{"@type":"ImageObject","@id":"https:\/\/secure.gravatar.com\/avatar\/9478c3014fb8763e2a18691ad6bf83eff86429738afad80df8227ac472865e36?s=96&d=mm&r=g","url":"https:\/\/secure.gravatar.com\/avatar\/9478c3014fb8763e2a18691ad6bf83eff86429738afad80df8227ac472865e36?s=96&d=mm&r=g","height":96,"width":96}},"publisher":{"@type":"Organization","name":"alpart.cz","logo":{"@type":"ImageObject","@id":"\/logo.png","url":"\/logo.png","width":600,"height":60}},"image":{"@type":"ImageObject","@id":"https:\/\/www.alpart.cz\/wp-content\/uploads\/img_a295922_w2163_t1507297562.jpg","url":"https:\/\/www.alpart.cz\/wp-content\/uploads\/img_a295922_w2163_t1507297562.jpg","height":0,"width":0},"url":"https:\/\/www.alpart.cz\/den-ktery-si-navzdy-zapamatujeme\/","wordCount":432,"articleBody":"  Jakmile nadejde ten vz\u00e1cn\u00fd okam\u017eik a p\u0159ijde n\u00e1\u0161 velk\u00fd den, tak p\u0159irozen\u011b v\u0161ichni chceme, aby v\u0161echno bylo perfektn\u00ed a abychom na svou svatbu mohli vzpom\u00ednat jako na tu nejv\u011bt\u0161\u00ed a nejlep\u0161\u00ed ud\u00e1lost na\u0161eho \u017eivota. A nen\u00ed divu, jedn\u00e1 se toti\u017e o jak\u00fdsi pomysln\u00fd vstup do dal\u0161\u00ed \u010d\u00e1sti na\u0161eho \u017eivota, kdy p\u0159ekro\u010d\u00edme pr\u00e1h, je\u017e d\u011bl\u00ed na\u0161i neomezenou osobn\u00ed svobodu a p\u0159ijmeme zodpov\u011bdnost za druh\u00e9, kte\u0159\u00ed s n\u00e1mi budou od dan\u00e9 chv\u00edle nav\u017edy sv\u00e1zan\u00ed. P\u0159ij\u00edm\u00e1me tak pomysln\u011b tak\u00e9 dal\u0161\u00ed \u010d\u00e1st rodiny sv\u00e9ho partnera \u010di partnerky a zakl\u00e1d\u00e1me si svou vlastn\u00ed rodinu. A to nen\u00ed nic mal\u00e9ho, tak\u017ee je na m\u00edst\u011b p\u0159ikl\u00e1dat tomuto okam\u017eiku pat\u0159i\u010dnou d\u016fle\u017eitost. V\u0161ichni se proto sna\u017e\u00ed napl\u00e1novat v\u0161e dostate\u010dn\u011b dop\u0159edu a do nejmen\u0161\u00edch detail\u016f, aby si v dan\u00fd den mohli u\u017e jen u\u017e\u00edvat a nemuseli nic \u0159e\u0161it, proto\u017ee r\u016fzn\u00fdch probl\u00e9m\u016f a nep\u0159\u00edjemnost\u00ed k \u0159e\u0161en\u00ed jim jejich dal\u0161\u00ed \u017eivot p\u0159inese v\u00edce ne\u017e dost, stejn\u011b tak jako radost\u00ed. Ov\u0161em a\u0165 u\u017e to bude jak\u00e9koli, tak si v\u017edy vzpomeneme na to, jak jsme v\u0161e dobr\u00e9 i zl\u00e9 v dan\u00fd svatebn\u00ed den p\u0159ijali a sl\u00edbili si, \u017ee v\u0161e spole\u010dn\u011b zvl\u00e1dneme. A jako p\u0159ipom\u00ednka tohoto z\u00e1va\u017en\u00e9ho slibu n\u00e1m bude slou\u017eit n\u00e1\u0161 snubn\u00ed prsten, kter\u00fd jsme si s partnerem \u010di partnerkou vym\u011bnili. Prsten, kter\u00fd u\u017e v ide\u00e1ln\u00edm p\u0159\u00edpad\u011b do konce \u017eivota nesejmeme z ruky, a kter\u00fd bude v\u0161em okolo jasn\u011b d\u00e1vat najevo, \u017ee jsme zadan\u00ed a slo\u017eili jsme sv\u016fj slib v\u011brnosti. Prsten, kter\u00fd n\u00e1m bude p\u0159ipom\u00ednat, k \u010demu jsme se slavnostn\u011b p\u0159ede v\u0161emi zav\u00e1zali. Tak\u017ee je jasn\u00e9, \u017ee kdy\u017e tento \u0161perk budeme nosit do konce sv\u00e9ho \u017eivota, m\u011bli bychom jej vyb\u00edrat s n\u00e1le\u017eitou pe\u010dlivost\u00ed a nic nepodcenit. M\u011bl by n\u00e1m pohodln\u011b sed\u011bt na prstu, m\u011bl by se n\u00e1m l\u00edbit, m\u011bl by m\u00edt i trochu nad\u010dasov\u00fd design, aby se n\u00e1m l\u00edbil t\u0159eba i za dvacet let, a hlavn\u011b by m\u011bl po celou tu dobu vydr\u017eet bez ztr\u00e1ty na kvalit\u011b. Proto je nanejv\u00fd\u0161 vhodn\u00e9 vyb\u00edrat z opravdu kvalitn\u00edch a poctiv\u011b zhotoven\u00fdch \u0161perk\u016f, kter\u00e9 nab\u00edzej\u00ed t\u0159eba zde: .                                                                                                                                                                                                                                                                                                                                                                                                 "},{"@context":"https:\/\/schema.org\/","@type":"BreadcrumbList","itemListElement":[{"@type":"ListItem","position":1,"name":"Den, kter\u00fd si nav\u017edy zapamatujeme","item":"https:\/\/www.alpart.cz\/den-ktery-si-navzdy-zapamatujeme\/#breadcrumbitem"}]}]