[{"@context":"https:\/\/schema.org\/","@type":"Article","@id":"https:\/\/www.alpart.cz\/nejlepsi-nabytek-do-malych-bytu\/#Article","mainEntityOfPage":"https:\/\/www.alpart.cz\/nejlepsi-nabytek-do-malych-bytu\/","headline":"Nejlep\u0161\u00ed n\u00e1bytek do mal\u00fdch byt\u016f","name":"Nejlep\u0161\u00ed n\u00e1bytek do mal\u00fdch byt\u016f","description":"Je smutnou pravdou, \u017ee v\u011bt\u0161ina \u010cech\u016f nen\u00ed \u00fapln\u011b spokojena se sv\u00fdm bydlen\u00edm. Pot\u00ed\u017e nen\u00ed ani tak ve vybavenosti obydl\u00ed, dokonce ve v\u011bt\u0161in\u011b p\u0159\u00edpad\u016f ani s m\u00edstem bydli\u0161t\u011b, ale s jeho velikost\u00ed. Je to d\u00e1no t\u00edm, \u017ee v\u011bt\u0161inov\u00e9 obyvatelstvo standardn\u011b ob\u00fdv\u00e1 panel\u00e1kov\u00e9 byty, kter\u00e9 jsou sice pom\u011brn\u011b levn\u00e9, ale z\u00e1rove\u0148 neopl\u00fdvaj\u00ed p\u0159\u00edli\u0161 velk\u00fdmi prostory. A kdy\u017e [&hellip;]","datePublished":"2019-11-01","dateModified":"2023-05-31","author":{"@type":"Person","@id":"https:\/\/www.alpart.cz\/author\/#Person","name":"","url":"https:\/\/www.alpart.cz\/author\/","identifier":1,"image":{"@type":"ImageObject","@id":"https:\/\/secure.gravatar.com\/avatar\/9478c3014fb8763e2a18691ad6bf83eff86429738afad80df8227ac472865e36?s=96&d=mm&r=g","url":"https:\/\/secure.gravatar.com\/avatar\/9478c3014fb8763e2a18691ad6bf83eff86429738afad80df8227ac472865e36?s=96&d=mm&r=g","height":96,"width":96}},"publisher":{"@type":"Organization","name":"alpart.cz","logo":{"@type":"ImageObject","@id":"\/logo.png","url":"\/logo.png","width":600,"height":60}},"image":{"@type":"ImageObject","@id":"https:\/\/www.alpart.cz\/wp-content\/uploads\/img_a376823_w3893_t1588664541.jpg","url":"https:\/\/www.alpart.cz\/wp-content\/uploads\/img_a376823_w3893_t1588664541.jpg","height":0,"width":0},"url":"https:\/\/www.alpart.cz\/nejlepsi-nabytek-do-malych-bytu\/","about":["Firmy"],"wordCount":405,"articleBody":"            Je smutnou pravdou, \u017ee v\u011bt\u0161ina \u010cech\u016f nen\u00ed \u00fapln\u011b spokojena se sv\u00fdm bydlen\u00edm. Pot\u00ed\u017e nen\u00ed ani tak ve vybavenosti obydl\u00ed, dokonce ve v\u011bt\u0161in\u011b p\u0159\u00edpad\u016f ani s m\u00edstem bydli\u0161t\u011b, ale s jeho velikost\u00ed. Je to d\u00e1no t\u00edm, \u017ee v\u011bt\u0161inov\u00e9 obyvatelstvo standardn\u011b ob\u00fdv\u00e1 panel\u00e1kov\u00e9 byty, kter\u00e9 jsou sice pom\u011brn\u011b levn\u00e9, ale z\u00e1rove\u0148 neopl\u00fdvaj\u00ed p\u0159\u00edli\u0161 velk\u00fdmi prostory. A kdy\u017e na t\u011bch p\u00e1r metrech \u010dtvere\u010dn\u00edch mus\u00ed bydlet cel\u00e1 rodina s d\u011btmi, je to \u010dasto problematick\u00e9. Existuj\u00ed ale zp\u016fsoby, jak si byt trochu nafouknout a nen\u00ed pot\u0159eba kv\u016fli tomu d\u011blat velk\u00e9 p\u0159estavby. V podstat\u011b posta\u010d\u00ed koupit si vestav\u011bn\u00e9 sk\u0159\u00edn\u011b Praha. Jejich v\u00fdhoda tkv\u00ed hlavn\u011b v tom, \u017ee jsou prostorov\u011b nen\u00e1ro\u010dn\u00e9. Skute\u010dn\u011b nezab\u00edraj\u00ed \u017e\u00e1dn\u00e9 m\u00edsto, alespo\u0148 ne v obytn\u00e9 \u010d\u00e1sti obydl\u00ed. Jsou toti\u017e ulo\u017eeny ve st\u011bn\u00e1ch, ve kter\u00fdch v\u00e1m skute\u010dn\u011b p\u0159ek\u00e1\u017eet nebudou a ani nemohou. Kvalita na prvn\u00edm m\u00edst\u011b Mo\u017en\u00e1, \u017ee si \u0159\u00edk\u00e1, \u017ee vestav\u011bn\u00e9 sk\u0159\u00edn\u011b mohou b\u00fdt klidn\u011b \u0161unty, jeliko\u017e na n\u011b nejdou vid\u011bt a v podstat\u011b nen\u00ed mo\u017enost, jak zkontrolovat, jestli jsou nebo nejsou dostate\u010dn\u011b byteln\u00e9. Ano, je pravdou, \u017ee pokud jsou zabudov\u00e1ny do zd\u00ed, nem\u00e1te p\u0159\u00edli\u0161 mnoho \u0161anc\u00ed ujistit se o jejich kvalit\u00e1ch. To v\u0161ak ale neznamen\u00e1, \u017ee si nem\u016f\u017eete n\u00e1bytek d\u016fkladn\u011b prohl\u00e9dnout je\u0161t\u011b p\u0159ed zapo\u010det\u00edm instalace. Nen\u00ed ani mo\u017en\u00e9, aby v\u00e1m ho vym\u011bnili za jin\u00fd, jeliko\u017e se jedn\u00e1 v\u017edy o n\u00e1bytek vyroben\u00fd na m\u00edru tak, aby pasoval p\u0159\u00edmo do st\u011bn objednavatele. \u00dalo\u017en\u00fd prostor je dostate\u010dn\u00fd Mnoho lid\u00ed nev\u011b\u0159\u00ed, \u017ee vestav\u011bn\u00e9 sk\u0159\u00edn\u011b mohou nab\u00eddnout stejn\u011b prostorn\u00e9 \u00falo\u017ei\u0161t\u011b jako standardn\u00ed typy, ale je tomu skute\u010dn\u011b tak. Samoz\u0159ejm\u011b hodn\u011b z\u00e1le\u017e\u00ed na kvalit\u011b, respektive tlou\u0161\u0165ce va\u0161ich st\u011bn, ale to obvykle neb\u00fdv\u00e1 probl\u00e9m. V p\u0159\u00edpad\u011b pot\u0159eby je mo\u017en\u00e9 navrhnout n\u00e1bytek tak, aby zab\u00edral co nejv\u011bt\u0161\u00ed plochu ve st\u011bn\u011b. Nebude tak sice disponovat kdov\u00edjakou hloubkou, ale jeho \u0161\u00ed\u0159ka dok\u00e1\u017ee tento handicap dokonale nahradit. Nemus\u00edte se tak b\u00e1t, \u017ee byste m\u011bli vestav\u011bn\u00e9 sk\u0159\u00edn\u011b jen tak na ozdobu. Budou i \u00fa\u010deln\u00e9.                                                                                                                                                                                                                                                                                                                                                                                                  "},{"@context":"https:\/\/schema.org\/","@type":"BreadcrumbList","itemListElement":[{"@type":"ListItem","position":1,"name":"Nejlep\u0161\u00ed n\u00e1bytek do mal\u00fdch byt\u016f","item":"https:\/\/www.alpart.cz\/nejlepsi-nabytek-do-malych-bytu\/#breadcrumbitem"}]}]