[{"@context":"https:\/\/schema.org\/","@type":"Article","@id":"https:\/\/www.alpart.cz\/slusny-dlazdic-a-neslusny-politik\/#Article","mainEntityOfPage":"https:\/\/www.alpart.cz\/slusny-dlazdic-a-neslusny-politik\/","headline":"Slu\u0161n\u00fd dla\u017edi\u010d a neslu\u0161n\u00fd politik?","name":"Slu\u0161n\u00fd dla\u017edi\u010d a neslu\u0161n\u00fd politik?","description":"V posledn\u00edch letech a zvl\u00e1\u0161\u0165 p\u0159ed jak\u00fdmikoliv volbami, \u010dteme nebo sly\u0161\u00edme dost neslu\u0161n\u00fdch slov, vulgarismu a ur\u00e1\u017eek od na\u0161ich p\u0159edn\u00edch politick\u00fdch p\u0159edstavitel\u016f. T\u00edmto by se ur\u010dit\u011b nem\u011bli prezentovat na ve\u0159ejnosti, to p\u0159ece do vrcholn\u00e9 politiky ur\u010dit\u011b nepat\u0159\u00ed. Ano, i na\u0161i politici jsou lid\u00e9, kte\u0159\u00ed maj\u00ed sv\u00e9 emoce, v\u00e1\u0161n\u011b. Ale v politice, p\u0159i v\u00fdkonu jejich pr\u00e1ce, [&hellip;]","datePublished":"2023-05-31","dateModified":"2023-05-31","author":{"@type":"Person","@id":"https:\/\/www.alpart.cz\/author\/#Person","name":"","url":"https:\/\/www.alpart.cz\/author\/","identifier":1,"image":{"@type":"ImageObject","@id":"https:\/\/secure.gravatar.com\/avatar\/9478c3014fb8763e2a18691ad6bf83eff86429738afad80df8227ac472865e36?s=96&d=mm&r=g","url":"https:\/\/secure.gravatar.com\/avatar\/9478c3014fb8763e2a18691ad6bf83eff86429738afad80df8227ac472865e36?s=96&d=mm&r=g","height":96,"width":96}},"publisher":{"@type":"Organization","name":"alpart.cz","logo":{"@type":"ImageObject","@id":"\/logo.png","url":"\/logo.png","width":600,"height":60}},"image":{"@type":"ImageObject","@id":"https:\/\/www.alpart.cz\/wp-content\/uploads\/img_a306832_w2218_t1518035330.jpg","url":"https:\/\/www.alpart.cz\/wp-content\/uploads\/img_a306832_w2218_t1518035330.jpg","height":0,"width":0},"url":"https:\/\/www.alpart.cz\/slusny-dlazdic-a-neslusny-politik\/","wordCount":600,"articleBody":" V posledn\u00edch letech a zvl\u00e1\u0161\u0165 p\u0159ed jak\u00fdmikoliv volbami, \u010dteme nebo sly\u0161\u00edme dost neslu\u0161n\u00fdch slov, vulgarismu a ur\u00e1\u017eek od na\u0161ich p\u0159edn\u00edch politick\u00fdch p\u0159edstavitel\u016f. T\u00edmto by se ur\u010dit\u011b nem\u011bli prezentovat na ve\u0159ejnosti, to p\u0159ece do vrcholn\u00e9 politiky ur\u010dit\u011b nepat\u0159\u00ed. Ano, i na\u0161i politici jsou lid\u00e9, kte\u0159\u00ed maj\u00ed sv\u00e9 emoce, v\u00e1\u0161n\u011b. Ale v politice, p\u0159i v\u00fdkonu jejich pr\u00e1ce, by m\u011bl ur\u010dit\u011b p\u0159evl\u00e1dat rozum, lidskost, v\u0161e spojen\u00e9 samoz\u0159ejm\u011b se slu\u0161n\u00fdm chov\u00e1n\u00edm a etikou. Mo\u017en\u00e1 by nebylo na \u0161kodu, aby si p\u0159e\u010detli alespo\u0148 jednou knihu O ETIKET\u011a. Slovy se d\u00e1 mnoho \u2013 proniknout pod povrch v\u011bc\u00ed, slovy dok\u00e1\u017eeme odkr\u00fdt pravdu a le\u017e, mnoho se d\u00e1 zaml\u010det, pop\u0159\u00edt i zaml\u017eit. Nau\u010dit se ovl\u00e1dat  je um\u011bn\u00ed i v\u011bda.. A lid\u00e9, kte\u0159\u00ed se pohybuj\u00ed st\u00e1le ve spole\u010dnosti a v politice, by m\u011bli m\u00edt slu\u0161n\u00e9 chov\u00e1n\u00ed takzvan\u011b \u201epod k\u016f\u017e\u00ed\u201c. Nejenom na\u0161i politici by si m\u011bli uv\u011bdomit s\u00edlu sv\u00fdch pravdiv\u00fdch v\u00fdrok\u016f a slov. Pokud sv\u00fdmi slovy cht\u011bj\u00ed proniknout pod povrch konkr\u00e9tn\u00ed v\u011bci a cht\u011bj\u00ed lidem dok\u00e1zat, \u017ee hovo\u0159\u00ed pravdu a \u017ee ten druh\u00fd l\u017ee, tak \u010dlov\u011bk uv\u011b\u0159\u00ed jejich pravdiv\u00fdm slov\u016fm a\u017e tehdy, kdy\u017e se \u0159ekne v\u0161e, co k t\u00e9 pravd\u011b n\u00e1le\u017e\u00ed. Pokud lid\u00e9 sleduj\u00ed na\u0161i politickou sc\u00e9nu, tak jim ur\u010dit\u011b utkv\u00ed v mysli, \u017ee se po\u0159\u00e1d mluv\u00ed a mluv\u00ed dokola, oso\u010duje i vulgarizuje, a stejn\u011b se nic nezm\u011bn\u00ed. Dne\u0161n\u00ed rozd\u011blen\u00e1 spole\u010dnost je takov\u00e1, kde slovo nem\u00e1 \u017e\u00e1dnou v\u00e1hu. A to je smutn\u00e9. I kdy\u017e se lid\u00e9 zaj\u00edmaj\u00ed st\u00e1le v\u00edce o politickou sc\u00e9nu, o hospoda\u0159en\u00ed st\u00e1tu. Zaj\u00edmaj\u00ed se nejenom o p\u016fj\u010dky, v\u00fd\u0161ku \u00farok\u016f, o pohybu cen zbo\u017e\u00ed a nemovitost\u00ed, zahrani\u010dn\u00ed politiku, o zvy\u0161ov\u00e1n\u00ed j\u00edzdn\u00e9ho a podobn\u011b. Je to z toho d\u016fvodu, proto\u017ee cht\u011bj\u00ed zvy\u0161ovat \u017eivotn\u00ed \u00farove\u0148 sv\u00e9 rodiny. M\u00e1me demokratickou spole\u010dnost, alespo\u0148 si to mysl\u00edme. S demokraci\u00ed je spojena kritika a ta by m\u011bla b\u00fdt z\u00e1konit\u011b spojena s velkou d\u00e1vkou zodpov\u011bdnost\u00ed a hlavn\u011b by m\u011bla b\u00fdt podlo\u017eena d\u016fkazy. Kritika (nejenom) v politice by nem\u011bla b\u00fdt vulg\u00e1rn\u00ed a l\u017eiv\u00e1. M\u011bla by b\u00fdt podlo\u017eena pravdiv\u00fdmi d\u016fkazy a vyj\u00e1d\u0159ena bez oso\u010dov\u00e1n\u00ed. v  Pokud se zamysl\u00edme, kde za\u010d\u00edn\u00e1 po\u010d\u00e1tek \u0161patn\u00e9 v\u00fdchovy, tak asi v\u0161ichni v\u00edme, \u017ee je to rodina. Ta m\u016f\u017ee m\u00edt dost velk\u00fd vliv na vytv\u00e1\u0159en\u00ed ka\u017ed\u00e9 osobnosti. Ne v ka\u017ed\u00e9 rodin\u011b se hovo\u0159\u00ed slu\u0161n\u011b, bez ur\u00e1\u017eek a vulgarizm\u016f. Dobr\u00e1 v\u00fdchova za\u010d\u00edn\u00e1 i v tom, jestli jsou oba rodi\u010de p\u0159ed d\u00edt\u011btem jednotn\u00ed. Pokud ano, vytv\u00e1\u0159ej\u00ed se t\u00edm dynamick\u00e9 stereotypy. To znamen\u00e1, co je spr\u00e1vn\u00e9 a slu\u0161n\u00e9 chov\u00e1n\u00ed. Uvedeme p\u0159\u00edklad: otec opakovan\u011b ru\u0161\u00ed mat\u010diny p\u0159\u00edkazy a m\u016f\u017ee to b\u00fdt i naopak. Obvykle se v\u0161e \u0159e\u0161\u00ed p\u0159ed d\u00edt\u011btem, v\u00fdm\u011bna n\u00e1zor\u016f b\u00fdv\u00e1 dost ostr\u00e1, a\u017e vulg\u00e1rn\u00ed. Nejenom \u017ee to \u0161patn\u011b p\u016fsob\u00ed na nervovou soustavu d\u00edt\u011bte, ale tak za\u010d\u00edn\u00e1 \u0161patn\u00e1 v\u00fdchova. A to se m\u016f\u017ee projevit i v dosp\u011blosti.                                                                                                                                                                                                                                                                                                                                                                                                 "},{"@context":"https:\/\/schema.org\/","@type":"BreadcrumbList","itemListElement":[{"@type":"ListItem","position":1,"name":"Slu\u0161n\u00fd dla\u017edi\u010d a neslu\u0161n\u00fd politik?","item":"https:\/\/www.alpart.cz\/slusny-dlazdic-a-neslusny-politik\/#breadcrumbitem"}]}]